{"id":43544,"date":"2019-05-02T15:13:55","date_gmt":"2019-05-02T15:13:55","guid":{"rendered":"https:\/\/www.spg.com.tn\/?p=43544"},"modified":"2019-05-02T15:23:21","modified_gmt":"2019-05-02T15:23:21","slug":"la-sauvegarde-et-la-restauration-des-donnees-au-centre-hospitalier-de-lens","status":"publish","type":"post","link":"https:\/\/www.spg.com.tn\/en\/la-sauvegarde-et-la-restauration-des-donnees-au-centre-hospitalier-de-lens\/","title":{"rendered":"La sauvegarde et la restauration des donn\u00e9es au Centre Hospitalier de Lens"},"content":{"rendered":"<p>Dans le cadre de son plan de reprise d\u2019activit\u00e9, le SI du Centre Hospitalier de Lens avait des besoins de s\u00e9curisation de sauvegardes des donn\u00e9es. La solution Tina (Time Navigator) s\u2019est impos\u00e9e naturellement \u00e9tant donn\u00e9 le savoir-faire et l\u2019exp\u00e9rience de son \u00e9diteur \u2013 Atempo \u2013 dans le Syst\u00e8me&#8230;<\/p>\n<p><a href=\"https:\/\/news.atempo.com\/fr\/news\/temoignage-ch-de-lens\" target=\"_blank\" rel=\"noopener noreferrer\">Lire la suite<\/a><\/p>","protected":false},"excerpt":{"rendered":"<p>Dans le cadre de son plan de reprise d\u2019activit\u00e9, le SI du Centre Hospitalier de Lens avait des besoins de s\u00e9curisation de&#8230;<\/p>","protected":false},"author":25,"featured_media":43545,"comment_status":"closed","ping_status":"closed","sticky":false,"template":"","format":"standard","meta":{"om_disable_all_campaigns":false,"_exactmetrics_skip_tracking":false,"_exactmetrics_sitenote_active":false,"_exactmetrics_sitenote_note":"","_exactmetrics_sitenote_category":0,"_monsterinsights_skip_tracking":false,"_monsterinsights_sitenote_active":false,"_monsterinsights_sitenote_note":"","_monsterinsights_sitenote_category":0,"_uf_show_specific_survey":0,"_uf_disable_surveys":false,"jetpack_post_was_ever_published":false,"_jetpack_newsletter_access":"","_jetpack_dont_email_post_to_subs":false,"_jetpack_newsletter_tier_id":0,"_jetpack_memberships_contains_paywalled_content":false,"_jetpack_memberships_contains_paid_content":false,"footnotes":"","jetpack_publicize_message":"","jetpack_publicize_feature_enabled":true,"jetpack_social_post_already_shared":false,"jetpack_social_options":{"image_generator_settings":{"template":"highway","default_image_id":0,"font":"","enabled":false},"version":2}},"categories":[114],"tags":[],"class_list":["post-43544","post","type-post","status-publish","format-standard","has-post-thumbnail","hentry","category-atempo"],"aioseo_notices":[],"yoast_head":"<!-- This site is optimized with the Yoast SEO plugin v27.4 - https:\/\/yoast.com\/product\/yoast-seo-wordpress\/ -->\n<title>La sauvegarde et la restauration des donn\u00e9es au Centre Hospitalier de Lens - SPG<\/title>\n<meta name=\"robots\" content=\"index, follow, max-snippet:-1, max-image-preview:large, max-video-preview:-1\" \/>\n<link rel=\"canonical\" href=\"https:\/\/www.spg.com.tn\/en\/la-sauvegarde-et-la-restauration-des-donnees-au-centre-hospitalier-de-lens\/\" \/>\n<meta property=\"og:locale\" content=\"en_US\" \/>\n<meta property=\"og:type\" content=\"article\" \/>\n<meta property=\"og:title\" content=\"La sauvegarde et la restauration des donn\u00e9es au Centre Hospitalier de Lens - SPG\" \/>\n<meta property=\"og:description\" content=\"Dans le cadre de son plan de reprise d\u2019activit\u00e9, le SI du Centre Hospitalier de Lens avait des besoins de s\u00e9curisation de...\" \/>\n<meta property=\"og:url\" content=\"https:\/\/www.spg.com.tn\/en\/la-sauvegarde-et-la-restauration-des-donnees-au-centre-hospitalier-de-lens\/\" \/>\n<meta property=\"og:site_name\" content=\"SPG\" \/>\n<meta property=\"article:publisher\" content=\"https:\/\/www.facebook.com\/SPG.Software.Productivity.Group\/\" \/>\n<meta property=\"article:published_time\" content=\"2019-05-02T15:13:55+00:00\" \/>\n<meta property=\"article:modified_time\" content=\"2019-05-02T15:23:21+00:00\" \/>\n<meta property=\"og:image\" content=\"https:\/\/i0.wp.com\/www.spg.com.tn\/wp-content\/uploads\/2019\/05\/shi-atempo-ch-lens.jpg?fit=679%2C344&ssl=1\" \/>\n\t<meta property=\"og:image:width\" content=\"679\" \/>\n\t<meta property=\"og:image:height\" content=\"344\" \/>\n\t<meta property=\"og:image:type\" content=\"image\/jpeg\" \/>\n<meta name=\"author\" content=\"ATEMPO\" \/>\n<meta name=\"twitter:card\" content=\"summary_large_image\" \/>\n<meta name=\"twitter:label1\" content=\"Written by\" \/>\n\t<meta name=\"twitter:data1\" content=\"ATEMPO\" \/>\n<script type=\"application\/ld+json\" class=\"yoast-schema-graph\">{\"@context\":\"https:\\\/\\\/schema.org\",\"@graph\":[{\"@type\":\"Article\",\"@id\":\"https:\\\/\\\/www.spg.com.tn\\\/la-sauvegarde-et-la-restauration-des-donnees-au-centre-hospitalier-de-lens\\\/#article\",\"isPartOf\":{\"@id\":\"https:\\\/\\\/www.spg.com.tn\\\/la-sauvegarde-et-la-restauration-des-donnees-au-centre-hospitalier-de-lens\\\/\"},\"author\":{\"name\":\"ATEMPO\",\"@id\":\"https:\\\/\\\/www.spg.com.tn\\\/#\\\/schema\\\/person\\\/4bc7190a223198c9a6c86f247edb4816\"},\"headline\":\"La sauvegarde et la restauration des donn\u00e9es au Centre Hospitalier de Lens\",\"datePublished\":\"2019-05-02T15:13:55+00:00\",\"dateModified\":\"2019-05-02T15:23:21+00:00\",\"mainEntityOfPage\":{\"@id\":\"https:\\\/\\\/www.spg.com.tn\\\/la-sauvegarde-et-la-restauration-des-donnees-au-centre-hospitalier-de-lens\\\/\"},\"wordCount\":70,\"publisher\":{\"@id\":\"https:\\\/\\\/www.spg.com.tn\\\/#organization\"},\"image\":{\"@id\":\"https:\\\/\\\/www.spg.com.tn\\\/la-sauvegarde-et-la-restauration-des-donnees-au-centre-hospitalier-de-lens\\\/#primaryimage\"},\"thumbnailUrl\":\"https:\\\/\\\/i0.wp.com\\\/www.spg.com.tn\\\/wp-content\\\/uploads\\\/2019\\\/05\\\/shi-atempo-ch-lens.jpg?fit=679%2C344&ssl=1\",\"articleSection\":[\"ATEMPO\"],\"inLanguage\":\"en-US\"},{\"@type\":\"WebPage\",\"@id\":\"https:\\\/\\\/www.spg.com.tn\\\/la-sauvegarde-et-la-restauration-des-donnees-au-centre-hospitalier-de-lens\\\/\",\"url\":\"https:\\\/\\\/www.spg.com.tn\\\/la-sauvegarde-et-la-restauration-des-donnees-au-centre-hospitalier-de-lens\\\/\",\"name\":\"La sauvegarde et la restauration des donn\u00e9es au Centre Hospitalier de Lens - SPG\",\"isPartOf\":{\"@id\":\"https:\\\/\\\/www.spg.com.tn\\\/#website\"},\"primaryImageOfPage\":{\"@id\":\"https:\\\/\\\/www.spg.com.tn\\\/la-sauvegarde-et-la-restauration-des-donnees-au-centre-hospitalier-de-lens\\\/#primaryimage\"},\"image\":{\"@id\":\"https:\\\/\\\/www.spg.com.tn\\\/la-sauvegarde-et-la-restauration-des-donnees-au-centre-hospitalier-de-lens\\\/#primaryimage\"},\"thumbnailUrl\":\"https:\\\/\\\/i0.wp.com\\\/www.spg.com.tn\\\/wp-content\\\/uploads\\\/2019\\\/05\\\/shi-atempo-ch-lens.jpg?fit=679%2C344&ssl=1\",\"datePublished\":\"2019-05-02T15:13:55+00:00\",\"dateModified\":\"2019-05-02T15:23:21+00:00\",\"breadcrumb\":{\"@id\":\"https:\\\/\\\/www.spg.com.tn\\\/la-sauvegarde-et-la-restauration-des-donnees-au-centre-hospitalier-de-lens\\\/#breadcrumb\"},\"inLanguage\":\"en-US\",\"potentialAction\":[{\"@type\":\"ReadAction\",\"target\":[\"https:\\\/\\\/www.spg.com.tn\\\/la-sauvegarde-et-la-restauration-des-donnees-au-centre-hospitalier-de-lens\\\/\"]}]},{\"@type\":\"ImageObject\",\"inLanguage\":\"en-US\",\"@id\":\"https:\\\/\\\/www.spg.com.tn\\\/la-sauvegarde-et-la-restauration-des-donnees-au-centre-hospitalier-de-lens\\\/#primaryimage\",\"url\":\"https:\\\/\\\/i0.wp.com\\\/www.spg.com.tn\\\/wp-content\\\/uploads\\\/2019\\\/05\\\/shi-atempo-ch-lens.jpg?fit=679%2C344&ssl=1\",\"contentUrl\":\"https:\\\/\\\/i0.wp.com\\\/www.spg.com.tn\\\/wp-content\\\/uploads\\\/2019\\\/05\\\/shi-atempo-ch-lens.jpg?fit=679%2C344&ssl=1\",\"width\":679,\"height\":344},{\"@type\":\"BreadcrumbList\",\"@id\":\"https:\\\/\\\/www.spg.com.tn\\\/la-sauvegarde-et-la-restauration-des-donnees-au-centre-hospitalier-de-lens\\\/#breadcrumb\",\"itemListElement\":[{\"@type\":\"ListItem\",\"position\":1,\"name\":\"Accueil\",\"item\":\"https:\\\/\\\/www.spg.com.tn\\\/\"},{\"@type\":\"ListItem\",\"position\":2,\"name\":\"La sauvegarde et la restauration des donn\u00e9es au Centre Hospitalier de Lens\"}]},{\"@type\":\"WebSite\",\"@id\":\"https:\\\/\\\/www.spg.com.tn\\\/#website\",\"url\":\"https:\\\/\\\/www.spg.com.tn\\\/\",\"name\":\"SPG\",\"description\":\"Grossiste Informatique \u00e0 Valeur ajout\u00e9e\",\"publisher\":{\"@id\":\"https:\\\/\\\/www.spg.com.tn\\\/#organization\"},\"alternateName\":\"SPG distributeur des solutions\",\"potentialAction\":[{\"@type\":\"SearchAction\",\"target\":{\"@type\":\"EntryPoint\",\"urlTemplate\":\"https:\\\/\\\/www.spg.com.tn\\\/?s={search_term_string}\"},\"query-input\":{\"@type\":\"PropertyValueSpecification\",\"valueRequired\":true,\"valueName\":\"search_term_string\"}}],\"inLanguage\":\"en-US\"},{\"@type\":\"Organization\",\"@id\":\"https:\\\/\\\/www.spg.com.tn\\\/#organization\",\"name\":\"SPG\",\"url\":\"https:\\\/\\\/www.spg.com.tn\\\/\",\"logo\":{\"@type\":\"ImageObject\",\"inLanguage\":\"en-US\",\"@id\":\"https:\\\/\\\/www.spg.com.tn\\\/#\\\/schema\\\/logo\\\/image\\\/\",\"url\":\"https:\\\/\\\/i0.wp.com\\\/www.spg.com.tn\\\/wp-content\\\/uploads\\\/2023\\\/07\\\/Logo-SPG-new.png?fit=300%2C133&ssl=1\",\"contentUrl\":\"https:\\\/\\\/i0.wp.com\\\/www.spg.com.tn\\\/wp-content\\\/uploads\\\/2023\\\/07\\\/Logo-SPG-new.png?fit=300%2C133&ssl=1\",\"width\":300,\"height\":133,\"caption\":\"SPG\"},\"image\":{\"@id\":\"https:\\\/\\\/www.spg.com.tn\\\/#\\\/schema\\\/logo\\\/image\\\/\"},\"sameAs\":[\"https:\\\/\\\/www.facebook.com\\\/SPG.Software.Productivity.Group\\\/\",\"https:\\\/\\\/www.linkedin.com\\\/company\\\/software-productivity-group-spg\\\/\"]},{\"@type\":\"Person\",\"@id\":\"https:\\\/\\\/www.spg.com.tn\\\/#\\\/schema\\\/person\\\/4bc7190a223198c9a6c86f247edb4816\",\"name\":\"ATEMPO\",\"image\":{\"@type\":\"ImageObject\",\"inLanguage\":\"en-US\",\"@id\":\"https:\\\/\\\/secure.gravatar.com\\\/avatar\\\/08c7421883d82a56e48715f7382d579132474bd5fe4c8614cd3ceab915e66c38?s=96&d=mm&r=g\",\"url\":\"https:\\\/\\\/secure.gravatar.com\\\/avatar\\\/08c7421883d82a56e48715f7382d579132474bd5fe4c8614cd3ceab915e66c38?s=96&d=mm&r=g\",\"contentUrl\":\"https:\\\/\\\/secure.gravatar.com\\\/avatar\\\/08c7421883d82a56e48715f7382d579132474bd5fe4c8614cd3ceab915e66c38?s=96&d=mm&r=g\",\"caption\":\"ATEMPO\"},\"sameAs\":[\"https:\\\/\\\/news.atempo.com\\\/\"],\"url\":\"https:\\\/\\\/www.spg.com.tn\\\/en\\\/author\\\/atempo\\\/\"}]}<\/script>\n<!-- \/ Yoast SEO plugin. -->","yoast_head_json":{"title":"La sauvegarde et la restauration des donn\u00e9es au Centre Hospitalier de Lens - SPG","robots":{"index":"index","follow":"follow","max-snippet":"max-snippet:-1","max-image-preview":"max-image-preview:large","max-video-preview":"max-video-preview:-1"},"canonical":"https:\/\/www.spg.com.tn\/en\/la-sauvegarde-et-la-restauration-des-donnees-au-centre-hospitalier-de-lens\/","og_locale":"en_US","og_type":"article","og_title":"La sauvegarde et la restauration des donn\u00e9es au Centre Hospitalier de Lens - SPG","og_description":"Dans le cadre de son plan de reprise d\u2019activit\u00e9, le SI du Centre Hospitalier de Lens avait des besoins de s\u00e9curisation de...","og_url":"https:\/\/www.spg.com.tn\/en\/la-sauvegarde-et-la-restauration-des-donnees-au-centre-hospitalier-de-lens\/","og_site_name":"SPG","article_publisher":"https:\/\/www.facebook.com\/SPG.Software.Productivity.Group\/","article_published_time":"2019-05-02T15:13:55+00:00","article_modified_time":"2019-05-02T15:23:21+00:00","og_image":[{"width":679,"height":344,"url":"https:\/\/i0.wp.com\/www.spg.com.tn\/wp-content\/uploads\/2019\/05\/shi-atempo-ch-lens.jpg?fit=679%2C344&ssl=1","type":"image\/jpeg"}],"author":"ATEMPO","twitter_card":"summary_large_image","twitter_misc":{"Written by":"ATEMPO"},"schema":{"@context":"https:\/\/schema.org","@graph":[{"@type":"Article","@id":"https:\/\/www.spg.com.tn\/la-sauvegarde-et-la-restauration-des-donnees-au-centre-hospitalier-de-lens\/#article","isPartOf":{"@id":"https:\/\/www.spg.com.tn\/la-sauvegarde-et-la-restauration-des-donnees-au-centre-hospitalier-de-lens\/"},"author":{"name":"ATEMPO","@id":"https:\/\/www.spg.com.tn\/#\/schema\/person\/4bc7190a223198c9a6c86f247edb4816"},"headline":"La sauvegarde et la restauration des donn\u00e9es au Centre Hospitalier de Lens","datePublished":"2019-05-02T15:13:55+00:00","dateModified":"2019-05-02T15:23:21+00:00","mainEntityOfPage":{"@id":"https:\/\/www.spg.com.tn\/la-sauvegarde-et-la-restauration-des-donnees-au-centre-hospitalier-de-lens\/"},"wordCount":70,"publisher":{"@id":"https:\/\/www.spg.com.tn\/#organization"},"image":{"@id":"https:\/\/www.spg.com.tn\/la-sauvegarde-et-la-restauration-des-donnees-au-centre-hospitalier-de-lens\/#primaryimage"},"thumbnailUrl":"https:\/\/i0.wp.com\/www.spg.com.tn\/wp-content\/uploads\/2019\/05\/shi-atempo-ch-lens.jpg?fit=679%2C344&ssl=1","articleSection":["ATEMPO"],"inLanguage":"en-US"},{"@type":"WebPage","@id":"https:\/\/www.spg.com.tn\/la-sauvegarde-et-la-restauration-des-donnees-au-centre-hospitalier-de-lens\/","url":"https:\/\/www.spg.com.tn\/la-sauvegarde-et-la-restauration-des-donnees-au-centre-hospitalier-de-lens\/","name":"La sauvegarde et la restauration des donn\u00e9es au Centre Hospitalier de Lens - SPG","isPartOf":{"@id":"https:\/\/www.spg.com.tn\/#website"},"primaryImageOfPage":{"@id":"https:\/\/www.spg.com.tn\/la-sauvegarde-et-la-restauration-des-donnees-au-centre-hospitalier-de-lens\/#primaryimage"},"image":{"@id":"https:\/\/www.spg.com.tn\/la-sauvegarde-et-la-restauration-des-donnees-au-centre-hospitalier-de-lens\/#primaryimage"},"thumbnailUrl":"https:\/\/i0.wp.com\/www.spg.com.tn\/wp-content\/uploads\/2019\/05\/shi-atempo-ch-lens.jpg?fit=679%2C344&ssl=1","datePublished":"2019-05-02T15:13:55+00:00","dateModified":"2019-05-02T15:23:21+00:00","breadcrumb":{"@id":"https:\/\/www.spg.com.tn\/la-sauvegarde-et-la-restauration-des-donnees-au-centre-hospitalier-de-lens\/#breadcrumb"},"inLanguage":"en-US","potentialAction":[{"@type":"ReadAction","target":["https:\/\/www.spg.com.tn\/la-sauvegarde-et-la-restauration-des-donnees-au-centre-hospitalier-de-lens\/"]}]},{"@type":"ImageObject","inLanguage":"en-US","@id":"https:\/\/www.spg.com.tn\/la-sauvegarde-et-la-restauration-des-donnees-au-centre-hospitalier-de-lens\/#primaryimage","url":"https:\/\/i0.wp.com\/www.spg.com.tn\/wp-content\/uploads\/2019\/05\/shi-atempo-ch-lens.jpg?fit=679%2C344&ssl=1","contentUrl":"https:\/\/i0.wp.com\/www.spg.com.tn\/wp-content\/uploads\/2019\/05\/shi-atempo-ch-lens.jpg?fit=679%2C344&ssl=1","width":679,"height":344},{"@type":"BreadcrumbList","@id":"https:\/\/www.spg.com.tn\/la-sauvegarde-et-la-restauration-des-donnees-au-centre-hospitalier-de-lens\/#breadcrumb","itemListElement":[{"@type":"ListItem","position":1,"name":"Accueil","item":"https:\/\/www.spg.com.tn\/"},{"@type":"ListItem","position":2,"name":"La sauvegarde et la restauration des donn\u00e9es au Centre Hospitalier de Lens"}]},{"@type":"WebSite","@id":"https:\/\/www.spg.com.tn\/#website","url":"https:\/\/www.spg.com.tn\/","name":"SPG","description":"Grossiste Informatique \u00e0 Valeur ajout\u00e9e","publisher":{"@id":"https:\/\/www.spg.com.tn\/#organization"},"alternateName":"SPG distributeur des solutions","potentialAction":[{"@type":"SearchAction","target":{"@type":"EntryPoint","urlTemplate":"https:\/\/www.spg.com.tn\/?s={search_term_string}"},"query-input":{"@type":"PropertyValueSpecification","valueRequired":true,"valueName":"search_term_string"}}],"inLanguage":"en-US"},{"@type":"Organization","@id":"https:\/\/www.spg.com.tn\/#organization","name":"SPG","url":"https:\/\/www.spg.com.tn\/","logo":{"@type":"ImageObject","inLanguage":"en-US","@id":"https:\/\/www.spg.com.tn\/#\/schema\/logo\/image\/","url":"https:\/\/i0.wp.com\/www.spg.com.tn\/wp-content\/uploads\/2023\/07\/Logo-SPG-new.png?fit=300%2C133&ssl=1","contentUrl":"https:\/\/i0.wp.com\/www.spg.com.tn\/wp-content\/uploads\/2023\/07\/Logo-SPG-new.png?fit=300%2C133&ssl=1","width":300,"height":133,"caption":"SPG"},"image":{"@id":"https:\/\/www.spg.com.tn\/#\/schema\/logo\/image\/"},"sameAs":["https:\/\/www.facebook.com\/SPG.Software.Productivity.Group\/","https:\/\/www.linkedin.com\/company\/software-productivity-group-spg\/"]},{"@type":"Person","@id":"https:\/\/www.spg.com.tn\/#\/schema\/person\/4bc7190a223198c9a6c86f247edb4816","name":"ATEMPO","image":{"@type":"ImageObject","inLanguage":"en-US","@id":"https:\/\/secure.gravatar.com\/avatar\/08c7421883d82a56e48715f7382d579132474bd5fe4c8614cd3ceab915e66c38?s=96&d=mm&r=g","url":"https:\/\/secure.gravatar.com\/avatar\/08c7421883d82a56e48715f7382d579132474bd5fe4c8614cd3ceab915e66c38?s=96&d=mm&r=g","contentUrl":"https:\/\/secure.gravatar.com\/avatar\/08c7421883d82a56e48715f7382d579132474bd5fe4c8614cd3ceab915e66c38?s=96&d=mm&r=g","caption":"ATEMPO"},"sameAs":["https:\/\/news.atempo.com\/"],"url":"https:\/\/www.spg.com.tn\/en\/author\/atempo\/"}]}},"jetpack_publicize_connections":[],"jetpack_featured_media_url":"https:\/\/i0.wp.com\/www.spg.com.tn\/wp-content\/uploads\/2019\/05\/shi-atempo-ch-lens.jpg?fit=679%2C344&ssl=1","jetpack_sharing_enabled":true,"jetpack_shortlink":"https:\/\/wp.me\/paWB6B-bkk","jetpack_likes_enabled":true,"jetpack-related-posts":[],"_links":{"self":[{"href":"https:\/\/www.spg.com.tn\/en\/wp-json\/wp\/v2\/posts\/43544","targetHints":{"allow":["GET"]}}],"collection":[{"href":"https:\/\/www.spg.com.tn\/en\/wp-json\/wp\/v2\/posts"}],"about":[{"href":"https:\/\/www.spg.com.tn\/en\/wp-json\/wp\/v2\/types\/post"}],"author":[{"embeddable":true,"href":"https:\/\/www.spg.com.tn\/en\/wp-json\/wp\/v2\/users\/25"}],"replies":[{"embeddable":true,"href":"https:\/\/www.spg.com.tn\/en\/wp-json\/wp\/v2\/comments?post=43544"}],"version-history":[{"count":0,"href":"https:\/\/www.spg.com.tn\/en\/wp-json\/wp\/v2\/posts\/43544\/revisions"}],"wp:featuredmedia":[{"embeddable":true,"href":"https:\/\/www.spg.com.tn\/en\/wp-json\/wp\/v2\/media\/43545"}],"wp:attachment":[{"href":"https:\/\/www.spg.com.tn\/en\/wp-json\/wp\/v2\/media?parent=43544"}],"wp:term":[{"taxonomy":"category","embeddable":true,"href":"https:\/\/www.spg.com.tn\/en\/wp-json\/wp\/v2\/categories?post=43544"},{"taxonomy":"post_tag","embeddable":true,"href":"https:\/\/www.spg.com.tn\/en\/wp-json\/wp\/v2\/tags?post=43544"}],"curies":[{"name":"wp","href":"https:\/\/api.w.org\/{rel}","templated":true}]}}