{"id":43785,"date":"2019-09-10T15:36:53","date_gmt":"2019-09-10T15:36:53","guid":{"rendered":"https:\/\/www.spg.com.tn\/?p=43785"},"modified":"2019-09-10T15:36:53","modified_gmt":"2019-09-10T15:36:53","slug":"mobilite-collaboration-inspiration-surface-hub-2s-fait-sa-rentree-en-france","status":"publish","type":"post","link":"https:\/\/www.spg.com.tn\/en\/mobilite-collaboration-inspiration-surface-hub-2s-fait-sa-rentree-en-france\/","title":{"rendered":"Mobilit\u00e9, collaboration, inspiration : Surface Hub 2S fait sa rentr\u00e9e en France"},"content":{"rendered":"<h1><strong>Surface Hub 2S\u00a0:<\/strong> <strong>mobilit\u00e9, collaboration, source d\u2019inspiration<\/strong><\/h1>\n<p>Apr\u00e8s avoir r\u00e9volutionn\u00e9 la collaboration en entreprise avec Surface Hub, Microsoft revient en force dans les espaces de travail, en cette rentr\u00e9e, avec Surface Hub 2S. Le nouvel arriv\u00e9 de la gamme Surface a \u00e9t\u00e9 enti\u00e8rement repens\u00e9 pour r\u00e9pondre aux besoins des entreprises et de leurs \u00e9quipes, tout en mettant l\u2019ADN de la gamme Surface \u00e0 l\u2019honneur\u00a0avec son esprit design et fonctionnel.<\/p>\n<p>Surface Hub 2S, c\u2019est\u00a0:<\/p>\n<h2><strong>1. Une mobilit\u00e9 tout en l\u00e9g\u00e8ret\u00e9 pour un \u00e9cran collaboratif<\/strong><\/h2>\n<p class=\"\">Plus fin de 60% et plus l\u00e9ger de 40% (28kg) par rapport \u00e0 son pr\u00e9d\u00e9cesseur, Surface Hub 2S mise tout sur la polyvalence et la mobilit\u00e9 en entreprise. Gr\u00e2ce \u00e0 sa batterie mobile APCTM dot\u00e9e d\u2019une autonomie de 2h et au support mobile Steelcase RoamTM<sup>\u00b2<\/sup>, Surface Hub 2S permet un travail d\u2019\u00e9quipe mobile, sans fil et sans interruption\u00a0: n\u2019importe quel espace peut ainsi \u00eatre transform\u00e9 en espace de travail d\u2019\u00e9quipe.<\/p>\n<h2><strong>2. Sur place ou \u00e0 distance\u00a0: collaborer efficacement<\/strong><\/h2>\n<p>Afin de permettre aux \u00e9quipes de collaborer, qu\u2019elles soient regroup\u00e9es au bureau ou dispers\u00e9es aux quatre coins du monde, Microsoft a dot\u00e9 Surface Hub 2S des composants les plus performants du march\u00e9\u00a0: un \u00e9cran 4K+, une cam\u00e9ra 4K, des haut-parleurs et des microphones con\u00e7us sp\u00e9cifiquement pour les t\u00e9l\u00e9conf\u00e9rences.<\/p>","protected":false},"excerpt":{"rendered":"<p>Surface Hub 2S\u00a0: mobilit\u00e9, collaboration, source d\u2019inspiration Apr\u00e8s avoir r\u00e9volutionn\u00e9 la collaboration en entreprise avec Surface Hub, Microsoft revient en force dans&#8230;<\/p>","protected":false},"author":29,"featured_media":43787,"comment_status":"closed","ping_status":"closed","sticky":false,"template":"","format":"standard","meta":{"om_disable_all_campaigns":false,"_exactmetrics_skip_tracking":false,"_exactmetrics_sitenote_active":false,"_exactmetrics_sitenote_note":"","_exactmetrics_sitenote_category":0,"_monsterinsights_skip_tracking":false,"_monsterinsights_sitenote_active":false,"_monsterinsights_sitenote_note":"","_monsterinsights_sitenote_category":0,"_uf_show_specific_survey":0,"_uf_disable_surveys":false,"jetpack_post_was_ever_published":false,"_jetpack_newsletter_access":"","_jetpack_dont_email_post_to_subs":false,"_jetpack_newsletter_tier_id":0,"_jetpack_memberships_contains_paywalled_content":false,"_jetpack_memberships_contains_paid_content":false,"footnotes":"","jetpack_publicize_message":"","jetpack_publicize_feature_enabled":true,"jetpack_social_post_already_shared":true,"jetpack_social_options":{"image_generator_settings":{"template":"highway","default_image_id":0,"font":"","enabled":false},"version":2}},"categories":[101,103],"tags":[],"class_list":["post-43785","post","type-post","status-publish","format-standard","has-post-thumbnail","hentry","category-actualites-des-marques","category-microsoft"],"aioseo_notices":[],"yoast_head":"<!-- This site is optimized with the Yoast SEO plugin v27.4 - https:\/\/yoast.com\/product\/yoast-seo-wordpress\/ -->\n<title>Mobilit\u00e9, collaboration, inspiration : Surface Hub 2S fait sa rentr\u00e9e en France - SPG<\/title>\n<meta name=\"robots\" content=\"index, follow, max-snippet:-1, max-image-preview:large, max-video-preview:-1\" \/>\n<link rel=\"canonical\" href=\"https:\/\/www.spg.com.tn\/en\/mobilite-collaboration-inspiration-surface-hub-2s-fait-sa-rentree-en-france\/\" \/>\n<meta property=\"og:locale\" content=\"en_US\" \/>\n<meta property=\"og:type\" content=\"article\" \/>\n<meta property=\"og:title\" content=\"Mobilit\u00e9, collaboration, inspiration : Surface Hub 2S fait sa rentr\u00e9e en France - SPG\" \/>\n<meta property=\"og:description\" content=\"Surface Hub 2S\u00a0: mobilit\u00e9, collaboration, source d\u2019inspiration Apr\u00e8s avoir r\u00e9volutionn\u00e9 la collaboration en entreprise avec Surface Hub, Microsoft revient en force dans...\" \/>\n<meta property=\"og:url\" content=\"https:\/\/www.spg.com.tn\/en\/mobilite-collaboration-inspiration-surface-hub-2s-fait-sa-rentree-en-france\/\" \/>\n<meta property=\"og:site_name\" content=\"SPG\" \/>\n<meta property=\"article:publisher\" content=\"https:\/\/www.facebook.com\/SPG.Software.Productivity.Group\/\" \/>\n<meta property=\"article:published_time\" content=\"2019-09-10T15:36:53+00:00\" \/>\n<meta property=\"og:image\" content=\"https:\/\/i0.wp.com\/www.spg.com.tn\/wp-content\/uploads\/2019\/09\/b8e251f5f97a119b268fa46a903093ad-960x640.jpg?fit=960%2C640&ssl=1\" \/>\n\t<meta property=\"og:image:width\" content=\"960\" \/>\n\t<meta property=\"og:image:height\" content=\"640\" \/>\n\t<meta property=\"og:image:type\" content=\"image\/jpeg\" \/>\n<meta name=\"author\" content=\"aurone aurone\" \/>\n<meta name=\"twitter:card\" content=\"summary_large_image\" \/>\n<meta name=\"twitter:label1\" content=\"Written by\" \/>\n\t<meta name=\"twitter:data1\" content=\"aurone aurone\" \/>\n\t<meta name=\"twitter:label2\" content=\"Est. reading time\" \/>\n\t<meta name=\"twitter:data2\" content=\"1 minute\" \/>\n<script type=\"application\/ld+json\" class=\"yoast-schema-graph\">{\"@context\":\"https:\\\/\\\/schema.org\",\"@graph\":[{\"@type\":\"Article\",\"@id\":\"https:\\\/\\\/www.spg.com.tn\\\/mobilite-collaboration-inspiration-surface-hub-2s-fait-sa-rentree-en-france\\\/#article\",\"isPartOf\":{\"@id\":\"https:\\\/\\\/www.spg.com.tn\\\/mobilite-collaboration-inspiration-surface-hub-2s-fait-sa-rentree-en-france\\\/\"},\"author\":{\"name\":\"aurone aurone\",\"@id\":\"https:\\\/\\\/www.spg.com.tn\\\/#\\\/schema\\\/person\\\/b3ee51b8a07d15eadfc18cc03b861ab9\"},\"headline\":\"Mobilit\u00e9, collaboration, inspiration : Surface Hub 2S fait sa rentr\u00e9e en France\",\"datePublished\":\"2019-09-10T15:36:53+00:00\",\"mainEntityOfPage\":{\"@id\":\"https:\\\/\\\/www.spg.com.tn\\\/mobilite-collaboration-inspiration-surface-hub-2s-fait-sa-rentree-en-france\\\/\"},\"wordCount\":243,\"publisher\":{\"@id\":\"https:\\\/\\\/www.spg.com.tn\\\/#organization\"},\"image\":{\"@id\":\"https:\\\/\\\/www.spg.com.tn\\\/mobilite-collaboration-inspiration-surface-hub-2s-fait-sa-rentree-en-france\\\/#primaryimage\"},\"thumbnailUrl\":\"https:\\\/\\\/i0.wp.com\\\/www.spg.com.tn\\\/wp-content\\\/uploads\\\/2019\\\/09\\\/b8e251f5f97a119b268fa46a903093ad-960x640.jpg?fit=960%2C640&ssl=1\",\"articleSection\":[\"Actualit\u00e9s des Marques\",\"Microsoft\"],\"inLanguage\":\"en-US\"},{\"@type\":\"WebPage\",\"@id\":\"https:\\\/\\\/www.spg.com.tn\\\/mobilite-collaboration-inspiration-surface-hub-2s-fait-sa-rentree-en-france\\\/\",\"url\":\"https:\\\/\\\/www.spg.com.tn\\\/mobilite-collaboration-inspiration-surface-hub-2s-fait-sa-rentree-en-france\\\/\",\"name\":\"Mobilit\u00e9, collaboration, inspiration : Surface Hub 2S fait sa rentr\u00e9e en France - SPG\",\"isPartOf\":{\"@id\":\"https:\\\/\\\/www.spg.com.tn\\\/#website\"},\"primaryImageOfPage\":{\"@id\":\"https:\\\/\\\/www.spg.com.tn\\\/mobilite-collaboration-inspiration-surface-hub-2s-fait-sa-rentree-en-france\\\/#primaryimage\"},\"image\":{\"@id\":\"https:\\\/\\\/www.spg.com.tn\\\/mobilite-collaboration-inspiration-surface-hub-2s-fait-sa-rentree-en-france\\\/#primaryimage\"},\"thumbnailUrl\":\"https:\\\/\\\/i0.wp.com\\\/www.spg.com.tn\\\/wp-content\\\/uploads\\\/2019\\\/09\\\/b8e251f5f97a119b268fa46a903093ad-960x640.jpg?fit=960%2C640&ssl=1\",\"datePublished\":\"2019-09-10T15:36:53+00:00\",\"breadcrumb\":{\"@id\":\"https:\\\/\\\/www.spg.com.tn\\\/mobilite-collaboration-inspiration-surface-hub-2s-fait-sa-rentree-en-france\\\/#breadcrumb\"},\"inLanguage\":\"en-US\",\"potentialAction\":[{\"@type\":\"ReadAction\",\"target\":[\"https:\\\/\\\/www.spg.com.tn\\\/mobilite-collaboration-inspiration-surface-hub-2s-fait-sa-rentree-en-france\\\/\"]}]},{\"@type\":\"ImageObject\",\"inLanguage\":\"en-US\",\"@id\":\"https:\\\/\\\/www.spg.com.tn\\\/mobilite-collaboration-inspiration-surface-hub-2s-fait-sa-rentree-en-france\\\/#primaryimage\",\"url\":\"https:\\\/\\\/i0.wp.com\\\/www.spg.com.tn\\\/wp-content\\\/uploads\\\/2019\\\/09\\\/b8e251f5f97a119b268fa46a903093ad-960x640.jpg?fit=960%2C640&ssl=1\",\"contentUrl\":\"https:\\\/\\\/i0.wp.com\\\/www.spg.com.tn\\\/wp-content\\\/uploads\\\/2019\\\/09\\\/b8e251f5f97a119b268fa46a903093ad-960x640.jpg?fit=960%2C640&ssl=1\",\"width\":960,\"height\":640},{\"@type\":\"BreadcrumbList\",\"@id\":\"https:\\\/\\\/www.spg.com.tn\\\/mobilite-collaboration-inspiration-surface-hub-2s-fait-sa-rentree-en-france\\\/#breadcrumb\",\"itemListElement\":[{\"@type\":\"ListItem\",\"position\":1,\"name\":\"Accueil\",\"item\":\"https:\\\/\\\/www.spg.com.tn\\\/\"},{\"@type\":\"ListItem\",\"position\":2,\"name\":\"Mobilit\u00e9, collaboration, inspiration : Surface Hub 2S fait sa rentr\u00e9e en France\"}]},{\"@type\":\"WebSite\",\"@id\":\"https:\\\/\\\/www.spg.com.tn\\\/#website\",\"url\":\"https:\\\/\\\/www.spg.com.tn\\\/\",\"name\":\"SPG\",\"description\":\"Grossiste Informatique \u00e0 Valeur ajout\u00e9e\",\"publisher\":{\"@id\":\"https:\\\/\\\/www.spg.com.tn\\\/#organization\"},\"alternateName\":\"SPG distributeur des solutions\",\"potentialAction\":[{\"@type\":\"SearchAction\",\"target\":{\"@type\":\"EntryPoint\",\"urlTemplate\":\"https:\\\/\\\/www.spg.com.tn\\\/?s={search_term_string}\"},\"query-input\":{\"@type\":\"PropertyValueSpecification\",\"valueRequired\":true,\"valueName\":\"search_term_string\"}}],\"inLanguage\":\"en-US\"},{\"@type\":\"Organization\",\"@id\":\"https:\\\/\\\/www.spg.com.tn\\\/#organization\",\"name\":\"SPG\",\"url\":\"https:\\\/\\\/www.spg.com.tn\\\/\",\"logo\":{\"@type\":\"ImageObject\",\"inLanguage\":\"en-US\",\"@id\":\"https:\\\/\\\/www.spg.com.tn\\\/#\\\/schema\\\/logo\\\/image\\\/\",\"url\":\"https:\\\/\\\/i0.wp.com\\\/www.spg.com.tn\\\/wp-content\\\/uploads\\\/2023\\\/07\\\/Logo-SPG-new.png?fit=300%2C133&ssl=1\",\"contentUrl\":\"https:\\\/\\\/i0.wp.com\\\/www.spg.com.tn\\\/wp-content\\\/uploads\\\/2023\\\/07\\\/Logo-SPG-new.png?fit=300%2C133&ssl=1\",\"width\":300,\"height\":133,\"caption\":\"SPG\"},\"image\":{\"@id\":\"https:\\\/\\\/www.spg.com.tn\\\/#\\\/schema\\\/logo\\\/image\\\/\"},\"sameAs\":[\"https:\\\/\\\/www.facebook.com\\\/SPG.Software.Productivity.Group\\\/\",\"https:\\\/\\\/www.linkedin.com\\\/company\\\/software-productivity-group-spg\\\/\"]},{\"@type\":\"Person\",\"@id\":\"https:\\\/\\\/www.spg.com.tn\\\/#\\\/schema\\\/person\\\/b3ee51b8a07d15eadfc18cc03b861ab9\",\"name\":\"aurone aurone\",\"image\":{\"@type\":\"ImageObject\",\"inLanguage\":\"en-US\",\"@id\":\"https:\\\/\\\/secure.gravatar.com\\\/avatar\\\/9857a98e9c0e16a9ddf715b9e66237bb9f81bc35d7491b5d0aca5dae8c1656b0?s=96&d=mm&r=g\",\"url\":\"https:\\\/\\\/secure.gravatar.com\\\/avatar\\\/9857a98e9c0e16a9ddf715b9e66237bb9f81bc35d7491b5d0aca5dae8c1656b0?s=96&d=mm&r=g\",\"contentUrl\":\"https:\\\/\\\/secure.gravatar.com\\\/avatar\\\/9857a98e9c0e16a9ddf715b9e66237bb9f81bc35d7491b5d0aca5dae8c1656b0?s=96&d=mm&r=g\",\"caption\":\"aurone aurone\"},\"url\":\"https:\\\/\\\/www.spg.com.tn\\\/en\\\/author\\\/admin\\\/\"}]}<\/script>\n<!-- \/ Yoast SEO plugin. -->","yoast_head_json":{"title":"Mobilit\u00e9, collaboration, inspiration : Surface Hub 2S fait sa rentr\u00e9e en France - SPG","robots":{"index":"index","follow":"follow","max-snippet":"max-snippet:-1","max-image-preview":"max-image-preview:large","max-video-preview":"max-video-preview:-1"},"canonical":"https:\/\/www.spg.com.tn\/en\/mobilite-collaboration-inspiration-surface-hub-2s-fait-sa-rentree-en-france\/","og_locale":"en_US","og_type":"article","og_title":"Mobilit\u00e9, collaboration, inspiration : Surface Hub 2S fait sa rentr\u00e9e en France - SPG","og_description":"Surface Hub 2S\u00a0: mobilit\u00e9, collaboration, source d\u2019inspiration Apr\u00e8s avoir r\u00e9volutionn\u00e9 la collaboration en entreprise avec Surface Hub, Microsoft revient en force dans...","og_url":"https:\/\/www.spg.com.tn\/en\/mobilite-collaboration-inspiration-surface-hub-2s-fait-sa-rentree-en-france\/","og_site_name":"SPG","article_publisher":"https:\/\/www.facebook.com\/SPG.Software.Productivity.Group\/","article_published_time":"2019-09-10T15:36:53+00:00","og_image":[{"width":960,"height":640,"url":"https:\/\/i0.wp.com\/www.spg.com.tn\/wp-content\/uploads\/2019\/09\/b8e251f5f97a119b268fa46a903093ad-960x640.jpg?fit=960%2C640&ssl=1","type":"image\/jpeg"}],"author":"aurone aurone","twitter_card":"summary_large_image","twitter_misc":{"Written by":"aurone aurone","Est. reading time":"1 minute"},"schema":{"@context":"https:\/\/schema.org","@graph":[{"@type":"Article","@id":"https:\/\/www.spg.com.tn\/mobilite-collaboration-inspiration-surface-hub-2s-fait-sa-rentree-en-france\/#article","isPartOf":{"@id":"https:\/\/www.spg.com.tn\/mobilite-collaboration-inspiration-surface-hub-2s-fait-sa-rentree-en-france\/"},"author":{"name":"aurone aurone","@id":"https:\/\/www.spg.com.tn\/#\/schema\/person\/b3ee51b8a07d15eadfc18cc03b861ab9"},"headline":"Mobilit\u00e9, collaboration, inspiration : Surface Hub 2S fait sa rentr\u00e9e en France","datePublished":"2019-09-10T15:36:53+00:00","mainEntityOfPage":{"@id":"https:\/\/www.spg.com.tn\/mobilite-collaboration-inspiration-surface-hub-2s-fait-sa-rentree-en-france\/"},"wordCount":243,"publisher":{"@id":"https:\/\/www.spg.com.tn\/#organization"},"image":{"@id":"https:\/\/www.spg.com.tn\/mobilite-collaboration-inspiration-surface-hub-2s-fait-sa-rentree-en-france\/#primaryimage"},"thumbnailUrl":"https:\/\/i0.wp.com\/www.spg.com.tn\/wp-content\/uploads\/2019\/09\/b8e251f5f97a119b268fa46a903093ad-960x640.jpg?fit=960%2C640&ssl=1","articleSection":["Actualit\u00e9s des Marques","Microsoft"],"inLanguage":"en-US"},{"@type":"WebPage","@id":"https:\/\/www.spg.com.tn\/mobilite-collaboration-inspiration-surface-hub-2s-fait-sa-rentree-en-france\/","url":"https:\/\/www.spg.com.tn\/mobilite-collaboration-inspiration-surface-hub-2s-fait-sa-rentree-en-france\/","name":"Mobilit\u00e9, collaboration, inspiration : Surface Hub 2S fait sa rentr\u00e9e en France - SPG","isPartOf":{"@id":"https:\/\/www.spg.com.tn\/#website"},"primaryImageOfPage":{"@id":"https:\/\/www.spg.com.tn\/mobilite-collaboration-inspiration-surface-hub-2s-fait-sa-rentree-en-france\/#primaryimage"},"image":{"@id":"https:\/\/www.spg.com.tn\/mobilite-collaboration-inspiration-surface-hub-2s-fait-sa-rentree-en-france\/#primaryimage"},"thumbnailUrl":"https:\/\/i0.wp.com\/www.spg.com.tn\/wp-content\/uploads\/2019\/09\/b8e251f5f97a119b268fa46a903093ad-960x640.jpg?fit=960%2C640&ssl=1","datePublished":"2019-09-10T15:36:53+00:00","breadcrumb":{"@id":"https:\/\/www.spg.com.tn\/mobilite-collaboration-inspiration-surface-hub-2s-fait-sa-rentree-en-france\/#breadcrumb"},"inLanguage":"en-US","potentialAction":[{"@type":"ReadAction","target":["https:\/\/www.spg.com.tn\/mobilite-collaboration-inspiration-surface-hub-2s-fait-sa-rentree-en-france\/"]}]},{"@type":"ImageObject","inLanguage":"en-US","@id":"https:\/\/www.spg.com.tn\/mobilite-collaboration-inspiration-surface-hub-2s-fait-sa-rentree-en-france\/#primaryimage","url":"https:\/\/i0.wp.com\/www.spg.com.tn\/wp-content\/uploads\/2019\/09\/b8e251f5f97a119b268fa46a903093ad-960x640.jpg?fit=960%2C640&ssl=1","contentUrl":"https:\/\/i0.wp.com\/www.spg.com.tn\/wp-content\/uploads\/2019\/09\/b8e251f5f97a119b268fa46a903093ad-960x640.jpg?fit=960%2C640&ssl=1","width":960,"height":640},{"@type":"BreadcrumbList","@id":"https:\/\/www.spg.com.tn\/mobilite-collaboration-inspiration-surface-hub-2s-fait-sa-rentree-en-france\/#breadcrumb","itemListElement":[{"@type":"ListItem","position":1,"name":"Accueil","item":"https:\/\/www.spg.com.tn\/"},{"@type":"ListItem","position":2,"name":"Mobilit\u00e9, collaboration, inspiration : Surface Hub 2S fait sa rentr\u00e9e en France"}]},{"@type":"WebSite","@id":"https:\/\/www.spg.com.tn\/#website","url":"https:\/\/www.spg.com.tn\/","name":"SPG","description":"Grossiste Informatique \u00e0 Valeur ajout\u00e9e","publisher":{"@id":"https:\/\/www.spg.com.tn\/#organization"},"alternateName":"SPG distributeur des solutions","potentialAction":[{"@type":"SearchAction","target":{"@type":"EntryPoint","urlTemplate":"https:\/\/www.spg.com.tn\/?s={search_term_string}"},"query-input":{"@type":"PropertyValueSpecification","valueRequired":true,"valueName":"search_term_string"}}],"inLanguage":"en-US"},{"@type":"Organization","@id":"https:\/\/www.spg.com.tn\/#organization","name":"SPG","url":"https:\/\/www.spg.com.tn\/","logo":{"@type":"ImageObject","inLanguage":"en-US","@id":"https:\/\/www.spg.com.tn\/#\/schema\/logo\/image\/","url":"https:\/\/i0.wp.com\/www.spg.com.tn\/wp-content\/uploads\/2023\/07\/Logo-SPG-new.png?fit=300%2C133&ssl=1","contentUrl":"https:\/\/i0.wp.com\/www.spg.com.tn\/wp-content\/uploads\/2023\/07\/Logo-SPG-new.png?fit=300%2C133&ssl=1","width":300,"height":133,"caption":"SPG"},"image":{"@id":"https:\/\/www.spg.com.tn\/#\/schema\/logo\/image\/"},"sameAs":["https:\/\/www.facebook.com\/SPG.Software.Productivity.Group\/","https:\/\/www.linkedin.com\/company\/software-productivity-group-spg\/"]},{"@type":"Person","@id":"https:\/\/www.spg.com.tn\/#\/schema\/person\/b3ee51b8a07d15eadfc18cc03b861ab9","name":"aurone aurone","image":{"@type":"ImageObject","inLanguage":"en-US","@id":"https:\/\/secure.gravatar.com\/avatar\/9857a98e9c0e16a9ddf715b9e66237bb9f81bc35d7491b5d0aca5dae8c1656b0?s=96&d=mm&r=g","url":"https:\/\/secure.gravatar.com\/avatar\/9857a98e9c0e16a9ddf715b9e66237bb9f81bc35d7491b5d0aca5dae8c1656b0?s=96&d=mm&r=g","contentUrl":"https:\/\/secure.gravatar.com\/avatar\/9857a98e9c0e16a9ddf715b9e66237bb9f81bc35d7491b5d0aca5dae8c1656b0?s=96&d=mm&r=g","caption":"aurone aurone"},"url":"https:\/\/www.spg.com.tn\/en\/author\/admin\/"}]}},"jetpack_publicize_connections":[],"jetpack_featured_media_url":"https:\/\/i0.wp.com\/www.spg.com.tn\/wp-content\/uploads\/2019\/09\/b8e251f5f97a119b268fa46a903093ad-960x640.jpg?fit=960%2C640&ssl=1","jetpack_sharing_enabled":true,"jetpack_shortlink":"https:\/\/wp.me\/paWB6B-bod","jetpack_likes_enabled":true,"jetpack-related-posts":[],"_links":{"self":[{"href":"https:\/\/www.spg.com.tn\/en\/wp-json\/wp\/v2\/posts\/43785","targetHints":{"allow":["GET"]}}],"collection":[{"href":"https:\/\/www.spg.com.tn\/en\/wp-json\/wp\/v2\/posts"}],"about":[{"href":"https:\/\/www.spg.com.tn\/en\/wp-json\/wp\/v2\/types\/post"}],"author":[{"embeddable":true,"href":"https:\/\/www.spg.com.tn\/en\/wp-json\/wp\/v2\/users\/29"}],"replies":[{"embeddable":true,"href":"https:\/\/www.spg.com.tn\/en\/wp-json\/wp\/v2\/comments?post=43785"}],"version-history":[{"count":0,"href":"https:\/\/www.spg.com.tn\/en\/wp-json\/wp\/v2\/posts\/43785\/revisions"}],"wp:featuredmedia":[{"embeddable":true,"href":"https:\/\/www.spg.com.tn\/en\/wp-json\/wp\/v2\/media\/43787"}],"wp:attachment":[{"href":"https:\/\/www.spg.com.tn\/en\/wp-json\/wp\/v2\/media?parent=43785"}],"wp:term":[{"taxonomy":"category","embeddable":true,"href":"https:\/\/www.spg.com.tn\/en\/wp-json\/wp\/v2\/categories?post=43785"},{"taxonomy":"post_tag","embeddable":true,"href":"https:\/\/www.spg.com.tn\/en\/wp-json\/wp\/v2\/tags?post=43785"}],"curies":[{"name":"wp","href":"https:\/\/api.w.org\/{rel}","templated":true}]}}